{"id":154,"date":"2019-10-05T14:05:56","date_gmt":"2019-10-05T12:05:56","guid":{"rendered":"https:\/\/schoenes-wolkersdorf.de\/?p=154"},"modified":"2019-10-06T14:40:39","modified_gmt":"2019-10-06T12:40:39","slug":"leserbrief-peter-hierstetter","status":"publish","type":"post","link":"https:\/\/schoenes-wolkersdorf.de\/?p=154","title":{"rendered":"Leserbrief Peter Hierstetter"},"content":{"rendered":"\n<p class=\"has-small-font-size\">Quelle: Traunsteiner Tagblatt vom 19.09.2019<\/p>\n\n\n\n<p class=\"has-medium-font-size\"><strong>Belastungen sind vorprogrammiert<\/strong><\/p>\n\n\n\n<p><strong>Zum Bericht \u00bbRinderzuchtverband will nach Wolkersdorf umsiedeln\u00ab vom 14. September:<\/strong><\/p>\n\n\n\n<p>Wer bisher glaubte, es g\u00e4be in Traunstein keine Zufahrtsstra\u00dfe mehr, die nicht \u00fcber ein eigenes Gewerbegebiet verf\u00fcge, der sei eines Besseren belehrt.<br>Seitdem der Rinderzuchtverband seine Neubaupl\u00e4ne an die Stadt herangetragen hat, droht ein neues Gewerbegebiet in Wolkersdorf-S\u00fcd. Dort m\u00f6chte der Verband auf einer Fl\u00e4che, die etwa zwei Fu\u00dfballfeldern entspricht und der Zeit der Stadt geh\u00f6rt, neu bauen und seine Aktivit\u00e4ten vom Festplatz an der Siegsdorfer Stra\u00dfe dorthin verlagern.<br>Dem RZV sei es am liebsten, wenn er keine Nachbarn in der N\u00e4he hat, eine Entfernung, ein bisserl weiter wie vom Rathaus zum Jacklturm sch eint schon auszureichen, um die \u00bbminimalen\u00ab Bel\u00e4stigungen einzud\u00e4mmen und dabei helfe auch noch ein Erdwall.<br>Wenn ich das lese und mir vergegenw\u00e4rtige, dass ein Gro\u00dfteil der Fl\u00e4che dort Parkpl\u00e4tze werden, kann ich mir heute schon ausmalen, was das f\u00fcr Wolkersdorf und seine Einwohner bedeutet, wenn mehrmals im Monat der n\u00f6rdliche Landkreis durchs Dorf f\u00e4hrt. Dazu kommt noch  die L\u00e4rmkulisse rund um Auktionsbetrieb und Stallungen.<br>Was es hei\u00dft, von einem Gewerbegebiet im wahrsten Sinne des Wortes \u00fcberrollt zu werden, davon k\u00f6nnen beispielsweise Haslacher, Seiboldsdorfer und Axdorfer ein lautes Lied singen, vor allem davon, wie lange es dauert, planerische Fehler auszumerzen.<br>Es geht schnell, ein Gewerbegebiet auszuweisen, ein paar Hallen auf die gr\u00fcne Wiese zu klatschen und damit wieder Fl\u00e4chen zu versiegeln und die Landschaft zu verschandeln, aber der damit angerichtete Schaden ist dauerhaft. Das Schlimme dabei ist, es besteht \u00fcberhaupt keine Not das zu tun.<br>Der Verband hatte seine langfristige Planung auf den bisherigen Standort ausgerichtet.<br>Die Stimmen der Vernunft im Stadtrat kommen von Seiten der Gr\u00fcnen und der CSU. Von der SPD nimmt man zur Kenntnis, dass sie sich zum B\u00fcttel des Verbandes macht und Wohn- und Lebensqualit\u00e4t der Einwohner gerne der Gewerbesteuer unterordnet.<\/p>\n\n\n\n<p>Peter Hierstetter<br>Hohensteinstra\u00dfe<br>Traunstein<\/p>\n","protected":false},"excerpt":{"rendered":"","protected":false},"author":1,"featured_media":0,"comment_status":"open","ping_status":"open","sticky":true,"template":"","format":"standard","meta":{"footnotes":""},"categories":[8],"tags":[],"class_list":["post-154","post","type-post","status-publish","format-standard","hentry","category-leserbriefe"],"yoast_head":"<!-- This site is optimized with the Yoast SEO plugin v27.5 - https:\/\/yoast.com\/product\/yoast-seo-wordpress\/ -->\n<title>Leserbrief Peter Hierstetter - Sch\u00f6nes Wolkersdorf<\/title>\n<meta name=\"robots\" content=\"index, follow, max-snippet:-1, max-image-preview:large, max-video-preview:-1\" \/>\n<link rel=\"canonical\" href=\"https:\/\/schoenes-wolkersdorf.de\/?p=154\" \/>\n<meta property=\"og:locale\" content=\"de_DE\" \/>\n<meta property=\"og:type\" content=\"article\" \/>\n<meta property=\"og:title\" content=\"Leserbrief Peter Hierstetter - Sch\u00f6nes Wolkersdorf\" \/>\n<meta property=\"og:url\" content=\"https:\/\/schoenes-wolkersdorf.de\/?p=154\" \/>\n<meta property=\"og:site_name\" content=\"Sch\u00f6nes Wolkersdorf\" \/>\n<meta property=\"article:published_time\" content=\"2019-10-05T12:05:56+00:00\" \/>\n<meta property=\"article:modified_time\" content=\"2019-10-06T12:40:39+00:00\" \/>\n<meta name=\"author\" content=\"gutbrodn\" \/>\n<meta name=\"twitter:card\" content=\"summary_large_image\" \/>\n<meta name=\"twitter:label1\" content=\"Verfasst von\" \/>\n\t<meta name=\"twitter:data1\" content=\"gutbrodn\" \/>\n\t<meta name=\"twitter:label2\" content=\"Gesch\u00e4tzte Lesezeit\" \/>\n\t<meta name=\"twitter:data2\" content=\"2\u00a0Minuten\" \/>\n<script type=\"application\/ld+json\" class=\"yoast-schema-graph\">{\"@context\":\"https:\\\/\\\/schema.org\",\"@graph\":[{\"@type\":\"Article\",\"@id\":\"https:\\\/\\\/schoenes-wolkersdorf.de\\\/?p=154#article\",\"isPartOf\":{\"@id\":\"https:\\\/\\\/schoenes-wolkersdorf.de\\\/?p=154\"},\"author\":{\"name\":\"gutbrodn\",\"@id\":\"https:\\\/\\\/schoenes-wolkersdorf.de\\\/#\\\/schema\\\/person\\\/ee75dc643d4f98332a4039a21d79dc26\"},\"headline\":\"Leserbrief Peter Hierstetter\",\"datePublished\":\"2019-10-05T12:05:56+00:00\",\"dateModified\":\"2019-10-06T12:40:39+00:00\",\"mainEntityOfPage\":{\"@id\":\"https:\\\/\\\/schoenes-wolkersdorf.de\\\/?p=154\"},\"wordCount\":339,\"commentCount\":0,\"publisher\":{\"@id\":\"https:\\\/\\\/schoenes-wolkersdorf.de\\\/#organization\"},\"articleSection\":[\"Leserbriefe\"],\"inLanguage\":\"de\",\"potentialAction\":[{\"@type\":\"CommentAction\",\"name\":\"Comment\",\"target\":[\"https:\\\/\\\/schoenes-wolkersdorf.de\\\/?p=154#respond\"]}]},{\"@type\":\"WebPage\",\"@id\":\"https:\\\/\\\/schoenes-wolkersdorf.de\\\/?p=154\",\"url\":\"https:\\\/\\\/schoenes-wolkersdorf.de\\\/?p=154\",\"name\":\"Leserbrief Peter Hierstetter - Sch\u00f6nes Wolkersdorf\",\"isPartOf\":{\"@id\":\"https:\\\/\\\/schoenes-wolkersdorf.de\\\/#website\"},\"datePublished\":\"2019-10-05T12:05:56+00:00\",\"dateModified\":\"2019-10-06T12:40:39+00:00\",\"breadcrumb\":{\"@id\":\"https:\\\/\\\/schoenes-wolkersdorf.de\\\/?p=154#breadcrumb\"},\"inLanguage\":\"de\",\"potentialAction\":[{\"@type\":\"ReadAction\",\"target\":[\"https:\\\/\\\/schoenes-wolkersdorf.de\\\/?p=154\"]}]},{\"@type\":\"BreadcrumbList\",\"@id\":\"https:\\\/\\\/schoenes-wolkersdorf.de\\\/?p=154#breadcrumb\",\"itemListElement\":[{\"@type\":\"ListItem\",\"position\":1,\"name\":\"Startseite\",\"item\":\"https:\\\/\\\/schoenes-wolkersdorf.de\\\/\"},{\"@type\":\"ListItem\",\"position\":2,\"name\":\"Leserbrief Peter Hierstetter\"}]},{\"@type\":\"WebSite\",\"@id\":\"https:\\\/\\\/schoenes-wolkersdorf.de\\\/#website\",\"url\":\"https:\\\/\\\/schoenes-wolkersdorf.de\\\/\",\"name\":\"Sch\u00f6nes Wolkersdorf\",\"description\":\"B\u00fcrgerinitiative gegen die Ansiedlung des Rinderzuchtverbandes in Wolkersdorf\",\"publisher\":{\"@id\":\"https:\\\/\\\/schoenes-wolkersdorf.de\\\/#organization\"},\"potentialAction\":[{\"@type\":\"SearchAction\",\"target\":{\"@type\":\"EntryPoint\",\"urlTemplate\":\"https:\\\/\\\/schoenes-wolkersdorf.de\\\/?s={search_term_string}\"},\"query-input\":{\"@type\":\"PropertyValueSpecification\",\"valueRequired\":true,\"valueName\":\"search_term_string\"}}],\"inLanguage\":\"de\"},{\"@type\":\"Organization\",\"@id\":\"https:\\\/\\\/schoenes-wolkersdorf.de\\\/#organization\",\"name\":\"B\u00fcrgerinitiative gegen die Ansiedlung des Rinderzuchtverbandes in Wolkersdorf\",\"url\":\"https:\\\/\\\/schoenes-wolkersdorf.de\\\/\",\"logo\":{\"@type\":\"ImageObject\",\"inLanguage\":\"de\",\"@id\":\"https:\\\/\\\/schoenes-wolkersdorf.de\\\/#\\\/schema\\\/logo\\\/image\\\/\",\"url\":\"https:\\\/\\\/schoenes-wolkersdorf.de\\\/wp-content\\\/uploads\\\/2019\\\/10\\\/Wolkerdorf-Ortsschild.jpg\",\"contentUrl\":\"https:\\\/\\\/schoenes-wolkersdorf.de\\\/wp-content\\\/uploads\\\/2019\\\/10\\\/Wolkerdorf-Ortsschild.jpg\",\"width\":315,\"height\":334,\"caption\":\"B\u00fcrgerinitiative gegen die Ansiedlung des Rinderzuchtverbandes in Wolkersdorf\"},\"image\":{\"@id\":\"https:\\\/\\\/schoenes-wolkersdorf.de\\\/#\\\/schema\\\/logo\\\/image\\\/\"}},{\"@type\":\"Person\",\"@id\":\"https:\\\/\\\/schoenes-wolkersdorf.de\\\/#\\\/schema\\\/person\\\/ee75dc643d4f98332a4039a21d79dc26\",\"name\":\"gutbrodn\",\"image\":{\"@type\":\"ImageObject\",\"inLanguage\":\"de\",\"@id\":\"https:\\\/\\\/secure.gravatar.com\\\/avatar\\\/958acd7d2dafd8fa16393e3c12a873f7fec8a55ce0a33b7adc73a75ef2ae2aa0?s=96&d=mm&r=g\",\"url\":\"https:\\\/\\\/secure.gravatar.com\\\/avatar\\\/958acd7d2dafd8fa16393e3c12a873f7fec8a55ce0a33b7adc73a75ef2ae2aa0?s=96&d=mm&r=g\",\"contentUrl\":\"https:\\\/\\\/secure.gravatar.com\\\/avatar\\\/958acd7d2dafd8fa16393e3c12a873f7fec8a55ce0a33b7adc73a75ef2ae2aa0?s=96&d=mm&r=g\",\"caption\":\"gutbrodn\"}}]}<\/script>\n<!-- \/ Yoast SEO plugin. -->","yoast_head_json":{"title":"Leserbrief Peter Hierstetter - Sch\u00f6nes Wolkersdorf","robots":{"index":"index","follow":"follow","max-snippet":"max-snippet:-1","max-image-preview":"max-image-preview:large","max-video-preview":"max-video-preview:-1"},"canonical":"https:\/\/schoenes-wolkersdorf.de\/?p=154","og_locale":"de_DE","og_type":"article","og_title":"Leserbrief Peter Hierstetter - Sch\u00f6nes Wolkersdorf","og_url":"https:\/\/schoenes-wolkersdorf.de\/?p=154","og_site_name":"Sch\u00f6nes Wolkersdorf","article_published_time":"2019-10-05T12:05:56+00:00","article_modified_time":"2019-10-06T12:40:39+00:00","author":"gutbrodn","twitter_card":"summary_large_image","twitter_misc":{"Verfasst von":"gutbrodn","Gesch\u00e4tzte Lesezeit":"2\u00a0Minuten"},"schema":{"@context":"https:\/\/schema.org","@graph":[{"@type":"Article","@id":"https:\/\/schoenes-wolkersdorf.de\/?p=154#article","isPartOf":{"@id":"https:\/\/schoenes-wolkersdorf.de\/?p=154"},"author":{"name":"gutbrodn","@id":"https:\/\/schoenes-wolkersdorf.de\/#\/schema\/person\/ee75dc643d4f98332a4039a21d79dc26"},"headline":"Leserbrief Peter Hierstetter","datePublished":"2019-10-05T12:05:56+00:00","dateModified":"2019-10-06T12:40:39+00:00","mainEntityOfPage":{"@id":"https:\/\/schoenes-wolkersdorf.de\/?p=154"},"wordCount":339,"commentCount":0,"publisher":{"@id":"https:\/\/schoenes-wolkersdorf.de\/#organization"},"articleSection":["Leserbriefe"],"inLanguage":"de","potentialAction":[{"@type":"CommentAction","name":"Comment","target":["https:\/\/schoenes-wolkersdorf.de\/?p=154#respond"]}]},{"@type":"WebPage","@id":"https:\/\/schoenes-wolkersdorf.de\/?p=154","url":"https:\/\/schoenes-wolkersdorf.de\/?p=154","name":"Leserbrief Peter Hierstetter - Sch\u00f6nes Wolkersdorf","isPartOf":{"@id":"https:\/\/schoenes-wolkersdorf.de\/#website"},"datePublished":"2019-10-05T12:05:56+00:00","dateModified":"2019-10-06T12:40:39+00:00","breadcrumb":{"@id":"https:\/\/schoenes-wolkersdorf.de\/?p=154#breadcrumb"},"inLanguage":"de","potentialAction":[{"@type":"ReadAction","target":["https:\/\/schoenes-wolkersdorf.de\/?p=154"]}]},{"@type":"BreadcrumbList","@id":"https:\/\/schoenes-wolkersdorf.de\/?p=154#breadcrumb","itemListElement":[{"@type":"ListItem","position":1,"name":"Startseite","item":"https:\/\/schoenes-wolkersdorf.de\/"},{"@type":"ListItem","position":2,"name":"Leserbrief Peter Hierstetter"}]},{"@type":"WebSite","@id":"https:\/\/schoenes-wolkersdorf.de\/#website","url":"https:\/\/schoenes-wolkersdorf.de\/","name":"Sch\u00f6nes Wolkersdorf","description":"B\u00fcrgerinitiative gegen die Ansiedlung des Rinderzuchtverbandes in Wolkersdorf","publisher":{"@id":"https:\/\/schoenes-wolkersdorf.de\/#organization"},"potentialAction":[{"@type":"SearchAction","target":{"@type":"EntryPoint","urlTemplate":"https:\/\/schoenes-wolkersdorf.de\/?s={search_term_string}"},"query-input":{"@type":"PropertyValueSpecification","valueRequired":true,"valueName":"search_term_string"}}],"inLanguage":"de"},{"@type":"Organization","@id":"https:\/\/schoenes-wolkersdorf.de\/#organization","name":"B\u00fcrgerinitiative gegen die Ansiedlung des Rinderzuchtverbandes in Wolkersdorf","url":"https:\/\/schoenes-wolkersdorf.de\/","logo":{"@type":"ImageObject","inLanguage":"de","@id":"https:\/\/schoenes-wolkersdorf.de\/#\/schema\/logo\/image\/","url":"https:\/\/schoenes-wolkersdorf.de\/wp-content\/uploads\/2019\/10\/Wolkerdorf-Ortsschild.jpg","contentUrl":"https:\/\/schoenes-wolkersdorf.de\/wp-content\/uploads\/2019\/10\/Wolkerdorf-Ortsschild.jpg","width":315,"height":334,"caption":"B\u00fcrgerinitiative gegen die Ansiedlung des Rinderzuchtverbandes in Wolkersdorf"},"image":{"@id":"https:\/\/schoenes-wolkersdorf.de\/#\/schema\/logo\/image\/"}},{"@type":"Person","@id":"https:\/\/schoenes-wolkersdorf.de\/#\/schema\/person\/ee75dc643d4f98332a4039a21d79dc26","name":"gutbrodn","image":{"@type":"ImageObject","inLanguage":"de","@id":"https:\/\/secure.gravatar.com\/avatar\/958acd7d2dafd8fa16393e3c12a873f7fec8a55ce0a33b7adc73a75ef2ae2aa0?s=96&d=mm&r=g","url":"https:\/\/secure.gravatar.com\/avatar\/958acd7d2dafd8fa16393e3c12a873f7fec8a55ce0a33b7adc73a75ef2ae2aa0?s=96&d=mm&r=g","contentUrl":"https:\/\/secure.gravatar.com\/avatar\/958acd7d2dafd8fa16393e3c12a873f7fec8a55ce0a33b7adc73a75ef2ae2aa0?s=96&d=mm&r=g","caption":"gutbrodn"}}]}},"_links":{"self":[{"href":"https:\/\/schoenes-wolkersdorf.de\/index.php?rest_route=\/wp\/v2\/posts\/154","targetHints":{"allow":["GET"]}}],"collection":[{"href":"https:\/\/schoenes-wolkersdorf.de\/index.php?rest_route=\/wp\/v2\/posts"}],"about":[{"href":"https:\/\/schoenes-wolkersdorf.de\/index.php?rest_route=\/wp\/v2\/types\/post"}],"author":[{"embeddable":true,"href":"https:\/\/schoenes-wolkersdorf.de\/index.php?rest_route=\/wp\/v2\/users\/1"}],"replies":[{"embeddable":true,"href":"https:\/\/schoenes-wolkersdorf.de\/index.php?rest_route=%2Fwp%2Fv2%2Fcomments&post=154"}],"version-history":[{"count":5,"href":"https:\/\/schoenes-wolkersdorf.de\/index.php?rest_route=\/wp\/v2\/posts\/154\/revisions"}],"predecessor-version":[{"id":195,"href":"https:\/\/schoenes-wolkersdorf.de\/index.php?rest_route=\/wp\/v2\/posts\/154\/revisions\/195"}],"wp:attachment":[{"href":"https:\/\/schoenes-wolkersdorf.de\/index.php?rest_route=%2Fwp%2Fv2%2Fmedia&parent=154"}],"wp:term":[{"taxonomy":"category","embeddable":true,"href":"https:\/\/schoenes-wolkersdorf.de\/index.php?rest_route=%2Fwp%2Fv2%2Fcategories&post=154"},{"taxonomy":"post_tag","embeddable":true,"href":"https:\/\/schoenes-wolkersdorf.de\/index.php?rest_route=%2Fwp%2Fv2%2Ftags&post=154"}],"curies":[{"name":"wp","href":"https:\/\/api.w.org\/{rel}","templated":true}]}}